{"id":5903,"date":"2025-09-09T14:16:05","date_gmt":"2025-09-09T17:16:05","guid":{"rendered":"https:\/\/solobrasid.com\/porta-corta-fogo-p240\/?p=5903"},"modified":"2025-09-09T15:21:53","modified_gmt":"2025-09-09T18:21:53","slug":"santa-rosa-de-viterbo-sao-paulo","status":"publish","type":"post","link":"https:\/\/solobrasid.com\/porta-corta-fogo-p240\/santa-rosa-de-viterbo-sao-paulo\/","title":{"rendered":"Porta Corta Fogo Industrial em Santa Rosa\n  de Viterbo S\u00e3o Paulo"},"content":{"rendered":" <p>A\n  seguran\u00e7a \u00e9 um pilar essencial para qualquer empresa, especialmente em\n  ambientes industriais e comerciais onde o risco de inc\u00eandios pode comprometer\n  vidas, bens e a continuidade das opera\u00e7\u00f5es. Para neg\u00f3cios <strong>em\n  Santa Rosa de Viterbo S\u00e3o, Paulo<\/strong>, oferecemos\n  <strong>Portas Corta Fogo Industriais P240<\/strong> sob medida,\n  projetadas para atender \u00e0s mais rigorosas normas de seguran\u00e7a contra\n  inc\u00eandios. Com <strong>resist\u00eancia ao fogo de at\u00e9 240 minutos\n  (P240)<\/strong>, nossas portas s\u00e3o a solu\u00e7\u00e3o ideal para conter a\n  propaga\u00e7\u00e3o de chamas e fuma\u00e7a, garantindo tempo essencial para evacua\u00e7\u00e3o\n  segura e minimizando danos estruturais. Opcionalmente, nossas portas podem\n  ser fornecidas com Portico, uma\n  estrutura espec\u00edfica para paredes de gesso, proporcionando maior\n  versatilidade em projetos com esse tipo de constru\u00e7\u00e3o.<\/p>  \n  <p><strong>Observa\u00e7\u00e3o<\/strong>: Todas as entregas em Santa\n  Rosa de Viterbo S\u00e3o, Paulo s\u00e3o realizadas por meio de transportadoras\n  especializadas, garantindo agilidade, seguran\u00e7a e pontualidade no transporte\n  das portas at\u00e9 o seu endere\u00e7o.<\/p>   <h2 class=\"wp-block-heading\" id=\"por-que-escolher\">Por que Escolher uma Porta Corta Fogo P240\n  para Sua Empresa em Santa Rosa de Viterbo S\u00e3o, Paulo?<\/h2>   <figure class=\"wp-block-image size-large\"><img loading=\"lazy\" decoding=\"async\" width=\"1024\" height=\"952\" src=\"https:\/\/solobrasid.com\/porta-corta-fogo-p240\/wp-content\/uploads\/sites\/8\/2025\/09\/porta-corta-fogo-industrial-p240-sob-medida-44-1024x952.webp\" alt=\"porta corta fogo industrial p240 em Santa Rosa de Viterbo S\u00e3o,\n  Paulo\" class=\"wp-image-15\" srcset=\"https:\/\/solobrasid.com\/porta-corta-fogo-p240\/wp-content\/uploads\/sites\/8\/2025\/09\/porta-corta-fogo-industrial-p240-sob-medida-44-1024x952.webp 1024w, https:\/\/solobrasid.com\/porta-corta-fogo-p240\/wp-content\/uploads\/sites\/8\/2025\/09\/porta-corta-fogo-industrial-p240-sob-medida-44-300x279.webp 300w, https:\/\/solobrasid.com\/porta-corta-fogo-p240\/wp-content\/uploads\/sites\/8\/2025\/09\/porta-corta-fogo-industrial-p240-sob-medida-44-768x714.webp 768w, https:\/\/solobrasid.com\/porta-corta-fogo-p240\/wp-content\/uploads\/sites\/8\/2025\/09\/porta-corta-fogo-industrial-p240-sob-medida-44.webp 1200w\" sizes=\"auto, (max-width: 1024px) 100vw, 1024px\" \/><\/figure>   <p>As <strong>portas\n  corta fogo industriais P240<\/strong> s\u00e3o indispens\u00e1veis para ambientes\n  como galp\u00f5es, armaz\u00e9ns, centros log\u00edsticos e ind\u00fastrias, onde a prote\u00e7\u00e3o\n  contra inc\u00eandios \u00e9 uma prioridade em Santa Rosa de Viterbo S\u00e3o, Paulo, uma\n  das cidades mais din\u00e2micas e industriais do estado de S\u00e3o Paulo, nossas\n  portas s\u00e3o entregues com efici\u00eancia e adaptadas \u00e0s necessidades espec\u00edficas\n  de cada cliente, garantindo <strong>m\u00e1xima prote\u00e7\u00e3o<\/strong> e\n  conformidade com as regulamenta\u00e7\u00f5es vigentes. Para projetos que utilizam\n  paredes de gesso, oferecemos a op\u00e7\u00e3o de Portico, uma estrutura que facilita a\n  instala\u00e7\u00e3o e garante estabilidade e seguran\u00e7a.<\/p>   <p>Nossas portas P240\n  s\u00e3o projetadas para resistir a condi\u00e7\u00f5es extremas por at\u00e9 4 horas, oferecendo\n  benef\u00edcios como:<\/p>   <ul class=\"wp-block-list\">\n  <li><strong>Prote\u00e7\u00e3o de vidas<\/strong>: Tempo suficiente\n  para a evacua\u00e7\u00e3o segura de colaboradores e visitantes.<\/li>  \n  <li><strong>Preserva\u00e7\u00e3o do patrim\u00f4nio<\/strong>: Redu\u00e7\u00e3o de\n  danos a equipamentos, estoques e instala\u00e7\u00f5es.<\/li>   <li><strong>Conformidade\n  legal<\/strong>: Atendimento \u00e0s exig\u00eancias do Corpo de Bombeiros e\n  normas t\u00e9cnicas brasileiras, como a <strong>NBR 11742<\/strong> e\n  a <strong>NBR 15281<\/strong>, que regulamentam portas corta fogo\n  e resist\u00eancia ao fogo.<\/li> <\/ul>\n    <p>Ao escolher\n  nossas <strong>portas corta fogo sob medida<\/strong>, com ou sem\n  a op\u00e7\u00e3o de Portico para paredes\n  de gesso, voc\u00ea garante um produto perfeitamente adaptado ao seu projeto, com\n  funcionalidade e est\u00e9tica impec\u00e1veis, entregue diretamente em Santa Rosa de\n  Viterbo S\u00e3o, Paulo via transportadora.<\/p> \n   <h2 class=\"wp-block-heading\" id=\"fabricacao-sob-medida\">Fabrica\u00e7\u00e3o Sob Medida: Solu\u00e7\u00f5es\n  Personalizadas para Sua Necessidade<\/h2> \n   <p>Cada projeto industrial ou comercial\n  apresenta caracter\u00edsticas \u00fanicas, desde as dimens\u00f5es dos v\u00e3os at\u00e9 os\n  requisitos funcionais e est\u00e9ticos. Nossa f\u00e1brica produz <strong>portas\n  corta fogo industriais P240<\/strong> sob medida, garantindo que cada\n  detalhe do seu projeto seja atendido com precis\u00e3o. Para constru\u00e7\u00f5es com\n  paredes de gesso, oferecemos a op\u00e7\u00e3o de Portico, uma estrutura projetada para\n  facilitar a instala\u00e7\u00e3o e assegurar a estabilidade da porta. Com entrega\n  eficiente em Santa Rosa de Viterbo S\u00e3o, Paulo por meio de transportadoras\n  especializadas, trabalhamos para oferecer solu\u00e7\u00f5es que combinem\n  <strong>seguran\u00e7a<\/strong>,\n  <strong>durabilidade<\/strong> e <strong>design\n  funcional<\/strong>.<\/p>   <h3 class=\"wp-block-heading\" id=\"vantagens-sob-medida\">Vantagens das Portas Corta Fogo Sob\n  Medida<\/h3>   <ul class=\"wp-block-list\">\n  <li><strong>Adapta\u00e7\u00e3o perfeita<\/strong>: Fabricamos portas\n  para v\u00e3os de qualquer tamanho, ideais para galp\u00f5es, ind\u00fastrias ou pr\u00e9dios\n  comerciais.<\/li>   <li><strong>Alta performance<\/strong>: Nossas portas\n  s\u00e3o projetadas para oferecer resist\u00eancia superior ao fogo e \u00e0\n  fuma\u00e7a.<\/li>  \n  <li><strong>Acabamentos personalizados<\/strong>: Oferecemos\n  op\u00e7\u00f5es de pintura e acabamentos que harmonizam com o visual do seu\n  ambiente.<\/li>  \n  <li><strong>Suporte para instala\u00e7\u00e3o<\/strong>: Fornecemos\n  orienta\u00e7\u00f5es t\u00e9cnicas para a instala\u00e7\u00e3o em Santa Rosa de Viterbo S\u00e3o, Paulo,\n  com a possibilidade de incluir Portico\n  para paredes de gesso, quando necess\u00e1rio.<\/li> <\/ul>  \n  <p>Seja para um novo empreendimento ou para a adequa\u00e7\u00e3o de um espa\u00e7o\n  existente, nossas portas corta fogo, com a op\u00e7\u00e3o de Portico, s\u00e3o projetadas para atender\n  \u00e0s suas necessidades com excel\u00eancia, com entrega garantida em Santa Rosa de\n  Viterbo S\u00e3o, Paulo via transportadora.<\/p> \n   <h2 class=\"wp-block-heading\" id=\"portico\">O que \u00e9 o Portico para Portas Corta\n  Fogo?<\/h2>   <figure class=\"wp-block-image size-large\"><img loading=\"lazy\" decoding=\"async\" width=\"962\" height=\"1024\" src=\"https:\/\/solobrasid.com\/porta-corta-fogo-p240\/wp-content\/uploads\/sites\/8\/2025\/09\/porta-corta-fogo-industrial-p240-sob-medida-3-962x1024.webp\" alt=\"porta corta fogo industrial laranja p240 comportico em Santa Rosa\n  de Viterbo S\u00e3o, Paulo\" class=\"wp-image-11\" srcset=\"https:\/\/solobrasid.com\/porta-corta-fogo-p240\/wp-content\/uploads\/sites\/8\/2025\/09\/porta-corta-fogo-industrial-p240-sob-medida-3-962x1024.webp 962w, https:\/\/solobrasid.com\/porta-corta-fogo-p240\/wp-content\/uploads\/sites\/8\/2025\/09\/porta-corta-fogo-industrial-p240-sob-medida-3-282x300.webp 282w, https:\/\/solobrasid.com\/porta-corta-fogo-p240\/wp-content\/uploads\/sites\/8\/2025\/09\/porta-corta-fogo-industrial-p240-sob-medida-3-768x817.webp 768w, https:\/\/solobrasid.com\/porta-corta-fogo-p240\/wp-content\/uploads\/sites\/8\/2025\/09\/porta-corta-fogo-industrial-p240-sob-medida-3.webp 1200w\" sizes=\"auto, (max-width: 962px) 100vw, 962px\" \/><\/figure>\n    <p>O <strong>Portico<\/strong>\n  \u00e9 uma estrutura opcional projetada para facilitar a instala\u00e7\u00e3o de\n  <strong>portas corta fogo industriais<\/strong> em paredes de\n  gesso. Essa solu\u00e7\u00e3o \u00e9 ideal para constru\u00e7\u00f5es que utilizam drywall ou sistemas\n  similares, garantindo maior estabilidade e seguran\u00e7a na fixa\u00e7\u00e3o da porta. O\n  <strong>Portico<\/strong> \u00e9 totalmente compat\u00edvel com nossas\n  portas P240, oferecendo uma instala\u00e7\u00e3o pr\u00e1tica e confi\u00e1vel, sem comprometer a\n  resist\u00eancia ao fogo ou a estanqueidade \u00e0 fuma\u00e7a. Se o seu projeto em Santa\n  Rosa de Viterbo S\u00e3o, Paulo envolve paredes de gesso, nossa equipe pode\n  avaliar a necessidade de incluir o <strong>Portico<\/strong>\n  durante a consultoria t\u00e9cnica.<\/p>   <h2 class=\"wp-block-heading\" id=\"conformidade-normas\">Conformidade com Normas T\u00e9cnicas e\n  Certifica\u00e7\u00f5es<\/h2>   <p>A seguran\u00e7a contra inc\u00eandios exige produtos que sigam padr\u00f5es\n  rigorosos. Nossas <strong>portas corta fogo P240<\/strong> s\u00e3o\n  fabricadas em conformidade com as normas brasileiras, como a\n  <strong>NBR 11742<\/strong>, que define os requisitos para portas\n  corta fogo, e a <strong>NBR 15281<\/strong>, que regula a\n  resist\u00eancia ao fogo de elementos de constru\u00e7\u00e3o. Nossos produtos passam por\n  testes rigorosos para garantir:<\/p> \n   <ul class=\"wp-block-list\"> <li><strong>Resist\u00eancia ao\n  fogo<\/strong>: Suportam at\u00e9 240 minutos de exposi\u00e7\u00e3o a chamas\n  intensas.<\/li>  \n  <li><strong>Isolamento t\u00e9rmico<\/strong>: Reduzem a\n  transfer\u00eancia de calor, protegendo \u00e1reas adjacentes.<\/li>  \n  <li><strong>Estanqueidade \u00e0 fuma\u00e7a<\/strong>: Impedem a\n  passagem de gases t\u00f3xicos, que representam um grande risco em\n  inc\u00eandios.<\/li> <\/ul>   <p>Escolher nossas portas,\n  com ou sem a estrutura opcional Portico\n  para paredes de gesso, significa investir em um produto confi\u00e1vel, que atende\n  \u00e0s exig\u00eancias do Corpo de Bombeiros e proporciona tranquilidade para sua\n  opera\u00e7\u00e3o em Santa Rosa de Viterbo S\u00e3o, Paulo.<\/p>   <h2 class=\"wp-block-heading\" id=\"entrega-guarulhos\">Entrega R\u00e1pida e Atendimento\n  Personalizado em Santa Rosa de Viterbo S\u00e3o, Paulo<\/h2>   <p>Embora nossa f\u00e1brica\n  n\u00e3o esteja localizada em Santa Rosa de Viterbo S\u00e3o, Paulo, atendemos a cidade\n  com efici\u00eancia, oferecendo <strong>entrega r\u00e1pida<\/strong> via\n  transportadoras especializadas e <strong>atendimento personalizado<\/strong>.\n  Nosso compromisso \u00e9 fornecer portas corta fogo de alta qualidade para\n  empresas em Santa Rosa de Viterbo S\u00e3o, Paulo, com suporte t\u00e9cnico para\n  garantir que seu projeto seja bem-sucedido.<\/p>   <h3 class=\"wp-block-heading\" id=\"beneficios-atendimento\">Benef\u00edcios do Nosso Atendimento em\n  Santa Rosa de Viterbo S\u00e3o, Paulo<\/h3> \n   <ul class=\"wp-block-list\"> <li><strong>Entrega \u00e1gil via\n  transportadora<\/strong>: Garantimos prazos curtos para entrega em Santa\n  Rosa de Viterbo S\u00e3o, Paulo, com transporte seguro e confi\u00e1vel.<\/li>\n   \n  <li><strong>Suporte t\u00e9cnico local<\/strong>: Oferecemos\n  consultoria e visitas t\u00e9cnicas para avaliar as necessidades do seu\n  empreendimento, incluindo a possibilidade de incluir Portico para paredes de\n  gesso.<\/li>  \n  <li><strong>Atendimento personalizado<\/strong>: Nossa\n  equipe est\u00e1 pronta para entender suas demandas e oferecer solu\u00e7\u00f5es sob\n  medida.<\/li> <\/ul>   <p>Com uma log\u00edstica eficiente,\n  entregamos portas corta fogo diretamente no seu endere\u00e7o em Santa Rosa de\n  Viterbo S\u00e3o, Paulo, utilizando transportadoras especializadas para garantir a\n  integridade do produto e a pontualidade.<\/p>   <h2 class=\"wp-block-heading\" id=\"investir-portas\">Por que Investir em Portas Corta Fogo\n  Industriais?<\/h2>   <figure class=\"wp-block-image size-large\"><img loading=\"lazy\" decoding=\"async\" width=\"1024\" height=\"663\" src=\"https:\/\/solobrasid.com\/porta-corta-fogo-p240\/wp-content\/uploads\/sites\/8\/2025\/09\/porta-corta-fogo-industrial-p240-sob-medida-5-1024x663.webp\" alt=\"Porta Corta Fogo Industrial Rosa P240 sob medida em Santa Rosa de\n  Viterbo S\u00e3o, Paulo\" class=\"wp-image-14\" srcset=\"https:\/\/solobrasid.com\/porta-corta-fogo-p240\/wp-content\/uploads\/sites\/8\/2025\/09\/porta-corta-fogo-industrial-p240-sob-medida-5-1024x663.webp 1024w, https:\/\/solobrasid.com\/porta-corta-fogo-p240\/wp-content\/uploads\/sites\/8\/2025\/09\/porta-corta-fogo-industrial-p240-sob-medida-5-300x194.webp 300w, https:\/\/solobrasid.com\/porta-corta-fogo-p240\/wp-content\/uploads\/sites\/8\/2025\/09\/porta-corta-fogo-industrial-p240-sob-medida-5-768x497.webp 768w, https:\/\/solobrasid.com\/porta-corta-fogo-p240\/wp-content\/uploads\/sites\/8\/2025\/09\/porta-corta-fogo-industrial-p240-sob-medida-5.webp 1200w\" sizes=\"auto, (max-width: 1024px) 100vw, 1024px\" \/><\/figure>\n    <p>Inc\u00eandios em\n  ambientes industriais podem causar danos devastadores, incluindo perdas humanas,\n  preju\u00edzos financeiros e interrup\u00e7\u00e3o das opera\u00e7\u00f5es. Investir em\n  <strong>portas corta fogo P240<\/strong>, com a op\u00e7\u00e3o de Portico para paredes de gesso, \u00e9 uma\n  medida preventiva que oferece:<\/p>   <ul class=\"wp-block-list\"> <li><strong>Seguran\u00e7a refor\u00e7ada<\/strong>: Conten\u00e7\u00e3o\n  de chamas e fuma\u00e7a, protegendo \u00e1reas cr\u00edticas do seu empreendimento.<\/li>\n   \n  <li><strong>Conformidade com a legisla\u00e7\u00e3o<\/strong>: Evite\n  multas e problemas com fiscaliza\u00e7\u00f5es ao garantir que seu im\u00f3vel atende \u00e0s\n  normas de seguran\u00e7a.<\/li>   <li><strong>Valoriza\u00e7\u00e3o do\n  im\u00f3vel<\/strong>: Instala\u00e7\u00f5es equipadas com portas corta fogo de\n  qualidade s\u00e3o mais atrativas para locat\u00e1rios e compradores.<\/li>\n   \n  <li><strong>Economia com seguros<\/strong>: Muitas\n  seguradoras oferecem descontos para empresas que adotam medidas robustas de\n  prote\u00e7\u00e3o contra inc\u00eandios.<\/li> <\/ul>\n    <p>Nossas portas\n  combinam alta performance com pre\u00e7os competitivos, oferecendo o melhor\n  custo-benef\u00edcio para empresas em Santa Rosa de Viterbo S\u00e3o, Paulo.<\/p>\n    <h2 class=\"wp-block-heading\" id=\"como-escolher\">Como\n  Escolher a Porta Corta Fogo Ideal para Sua Empresa<\/h2>   <p>Escolher a\n  <strong>porta corta fogo industrial<\/strong> certa requer aten\u00e7\u00e3o\n  a alguns fatores-chave. Aqui est\u00e3o algumas dicas para tomar a melhor\n  decis\u00e3o:<\/p>   <ul class=\"wp-block-list\">\n  <li><strong>Determine o n\u00edvel de resist\u00eancia\n  necess\u00e1rio<\/strong>: Portas P240 s\u00e3o ideais para ambientes de alto\n  risco, como galp\u00f5es com materiais inflam\u00e1veis.<\/li>  \n  <li><strong>Considere as dimens\u00f5es e o tipo de\n  constru\u00e7\u00e3o<\/strong>: Portas sob medida, com a op\u00e7\u00e3o de Portico para paredes de gesso,\n  garantem um encaixe perfeito e maior efici\u00eancia.<\/li>  \n  <li><strong>Verifique a certifica\u00e7\u00e3o do\n  fornecedor<\/strong>: Escolha uma empresa que comprove a conformidade de\n  seus produtos com as normas t\u00e9cnicas.<\/li> \n   <li><strong>Pense na\n  manuten\u00e7\u00e3o<\/strong>: Nossas portas s\u00e3o projetadas para baixa\n  manuten\u00e7\u00e3o, garantindo durabilidade e economia a longo prazo.<\/li>\n  <\/ul>   <p>Nossa equipe est\u00e1 \u00e0 disposi\u00e7\u00e3o para orient\u00e1-lo,\n  desde a escolha do modelo, com ou sem Portico, at\u00e9 a entrega via transportadora\n  em Santa Rosa de Viterbo S\u00e3o, Paulo.<\/p> \n   <h2 class=\"wp-block-heading\" id=\"contato\">Entre em Contato para Entrega de Portas Corta Fogo\n  em Santa Rosa de Viterbo S\u00e3o, Paulo<\/h2> \n   <p>Se voc\u00ea precisa de <strong>portas\n  corta fogo industriais P240<\/strong> em Santa Rosa de Viterbo S\u00e3o,\n  Paulo, com a op\u00e7\u00e3o de Portico\n  para paredes de gesso, somos a escolha certa. Com anos de experi\u00eancia e um\n  compromisso com a qualidade, oferecemos produtos que combinam seguran\u00e7a,\n  funcionalidade e est\u00e9tica. Entre em contato hoje mesmo para:<\/p>\n    <ul class=\"wp-block-list\">\n  <li>Solicitar um or\u00e7amento personalizado.<\/li>   <li>Agendar uma\n  consultoria t\u00e9cnica para seu projeto.<\/li> \n   <li>Obter mais informa\u00e7\u00f5es sobre nossas\n  portas corta fogo sob medida e a op\u00e7\u00e3o de Portico.<\/li> <\/ul>   <p><strong>Observa\u00e7\u00e3o<\/strong>: Todas as entregas em\n  Santa Rosa de Viterbo S\u00e3o, Paulo s\u00e3o realizadas por transportadoras\n  especializadas, garantindo agilidade e seguran\u00e7a no transporte.<\/p>\n   \n  <p><strong>Proteja seu neg\u00f3cio com quem entende de\n  seguran\u00e7a!<\/strong> Ligue agora ou envie uma mensagem para nossa\n  equipe. Garantimos entrega r\u00e1pida em Santa Rosa de Viterbo S\u00e3o, Paulo e um\n  atendimento que faz a diferen\u00e7a.<\/p> \n   <h2 class=\"wp-block-heading\" id=\"perguntas-frequentes\">Perguntas Frequentes sobre Portas\n  Corta Fogo Industriais em Santa Rosa de Viterbo S\u00e3o, Paulo<\/h2>   <figure class=\"wp-block-image size-large\"><img loading=\"lazy\" decoding=\"async\" width=\"1024\" height=\"585\" src=\"https:\/\/solobrasid.com\/porta-corta-fogo-p240\/wp-content\/uploads\/sites\/8\/2025\/09\/porta-corta-fogo-industrial-p240-sob-medida-1-1024x585.webp\" alt=\"Porta Corta Fogo Industrial Laranja P240 sob medida em Santa Rosa\n  de Viterbo S\u00e3o, Paulo\" class=\"wp-image-12\" srcset=\"https:\/\/solobrasid.com\/porta-corta-fogo-p240\/wp-content\/uploads\/sites\/8\/2025\/09\/porta-corta-fogo-industrial-p240-sob-medida-1-1024x585.webp 1024w, https:\/\/solobrasid.com\/porta-corta-fogo-p240\/wp-content\/uploads\/sites\/8\/2025\/09\/porta-corta-fogo-industrial-p240-sob-medida-1-300x171.webp 300w, https:\/\/solobrasid.com\/porta-corta-fogo-p240\/wp-content\/uploads\/sites\/8\/2025\/09\/porta-corta-fogo-industrial-p240-sob-medida-1-768x438.webp 768w, https:\/\/solobrasid.com\/porta-corta-fogo-p240\/wp-content\/uploads\/sites\/8\/2025\/09\/porta-corta-fogo-industrial-p240-sob-medida-1.webp 1200w\" sizes=\"auto, (max-width: 1024px) 100vw, 1024px\" \/><\/figure>\n    <h2 class=\"wp-block-heading\">O que \u00e9 uma porta corta fogo industrial\n  P240 e por que ela \u00e9 importante para minha empresa em Santa Rosa de Viterbo\n  S\u00e3o, Paulo?<\/h2>  \n  <p>A <strong>porta corta fogo industrial P240<\/strong> \u00e9\n  projetada para resistir ao fogo por at\u00e9 240 minutos, protegendo vidas e\n  patrim\u00f4nios em ambientes industriais em Santa Rosa de Viterbo S\u00e3o, Paulo, ela\n  \u00e9 essencial para cumprir as normas de seguran\u00e7a e garantir a prote\u00e7\u00e3o de\n  galp\u00f5es e armaz\u00e9ns. Saiba mais em Por\n  que Escolher uma Porta Corta Fogo P240?.<\/p>   <h2 class=\"wp-block-heading\">As portas corta fogo industriais em\n  Santa Rosa de Viterbo S\u00e3o, Paulo podem ser instaladas em paredes de\n  gesso?<\/h2>  \n  <p>Sim, oferecemos a op\u00e7\u00e3o de <strong>Portico<\/strong>, uma\n  estrutura espec\u00edfica para instala\u00e7\u00e3o em paredes de gesso, garantindo estabilidade\n  e seguran\u00e7a. Veja detalhes em O que \u00e9 o\n  Portico para Portas Corta Fogo?.<\/p>   <h2 class=\"wp-block-heading\">Como \u00e9 feita a entrega de portas corta\n  fogo industriais em Santa Rosa de Viterbo S\u00e3o, Paulo?<\/h2>   <p>Todas as entregas em\n  Santa Rosa de Viterbo S\u00e3o, Paulo s\u00e3o realizadas por transportadoras\n  especializadas, garantindo agilidade e seguran\u00e7a. Confira mais informa\u00e7\u00f5es em\n  Entrega R\u00e1pida e Atendimento\n  Personalizado em Santa Rosa de Viterbo S\u00e3o, Paulo.<\/p>\n    <h2 class=\"wp-block-heading\">As portas corta fogo industriais em\n  Santa Rosa de Viterbo S\u00e3o, Paulo atendem \u00e0s normas de seguran\u00e7a?<\/h2>\n    <p>Sim, nossas\n  portas P240 cumprem as normas brasileiras, como a NBR 11742 e NBR 15281,\n  garantindo conformidade com o Corpo de Bombeiros. Saiba mais em Conformidade com Normas T\u00e9cnicas e\n  Certifica\u00e7\u00f5es.<\/p>   <h2 class=\"wp-block-heading\">Como escolher\n  a melhor porta corta fogo industrial para minha empresa em Santa Rosa de\n  Viterbo S\u00e3o, Paulo?<\/h2>   <p>Considere o n\u00edvel de resist\u00eancia, as dimens\u00f5es do espa\u00e7o e a\n  necessidade de estruturas como o <strong>Portico<\/strong> for\n  paredes de gesso. Nossa equipe oferece consultoria para ajud\u00e1-lo a escolher a\n  solu\u00e7\u00e3o ideal. Veja dicas em Como\n  Escolher a Porta Corta Fogo Ideal para Sua Empresa.<\/p>\n    <h2 class=\"wp-block-heading\">Mais Modelos de Porta Corta Fogo em\n  Santa Rosa de Viterbo S\u00e3o, Paulo<\/h2> \n   <ul class=\"wp-block-list\"> <li><a href=\"https:\/\/solobrasid.com\/serralheria\/porta-corta-fogo-p120\/santa-rosa-de-viterbo-sao-paulo\/\"><a href=\"https:\/\/solobrasid.com\/serralheria\/porta-corta-fogo-p90\/santa-rosa-de-viterbo-sao-paulo\/\"><a href=\"https:\/\/solobrasid.com\/porta-corta-fogo-p90\/santa-rosa-de-viterbo-sao-paulo\/\">Porta Corta Fogo P90 em Santa Rosa de Viterbo\n  S\u00e3o, Paulo<\/a><\/li>   <li>Porta Corta Fogo P120 em Santa Rosa de Viterbo S\u00e3o,\n  Paulo<\/a><\/a><\/li> <\/ul>   <p><\/p> ","protected":false},"excerpt":{"rendered":"<p>Fabrica\u00e7\u00e3o de Porta Corta Fogo Industrial<br \/>\n  P240 Sob Medidaem Santa Rosa de Viterbo S\u00e3o Paulo &#8211; Solicite Or\u00e7amento!<\/p>\n","protected":false},"author":1,"featured_media":13,"comment_status":"closed","ping_status":"open","sticky":false,"template":"","format":"standard","meta":{"footnotes":""},"categories":[4],"tags":[],"class_list":["post-5903","post","type-post","status-publish","format-standard","has-post-thumbnail","hentry","category-sao-paulo"],"yoast_head":"<!-- This site is optimized with the Yoast SEO plugin v27.4 - https:\/\/yoast.com\/product\/yoast-seo-wordpress\/ -->\n<title>Porta Corta Fogo Industrial em Santa Rosa de Viterbo S\u00e3o Paulo<\/title>\n<meta name=\"description\" content=\"Fabrica\u00e7\u00e3o de Porta Corta Fogo Industrial P240 Sob Medidaem Santa Rosa de Viterbo S\u00e3o Paulo - Solicite Or\u00e7amento!\" \/>\n<meta name=\"robots\" content=\"index, follow, max-snippet:-1, max-image-preview:large, max-video-preview:-1\" \/>\n<link rel=\"canonical\" href=\"https:\/\/solobrasid.com\/porta-corta-fogo-p240\/santa-rosa-de-viterbo-sao-paulo\/\" \/>\n<meta property=\"og:locale\" content=\"pt_BR\" \/>\n<meta property=\"og:type\" content=\"article\" \/>\n<meta property=\"og:title\" content=\"Porta Corta Fogo Industrial em Santa Rosa de Viterbo S\u00e3o Paulo\" \/>\n<meta property=\"og:description\" content=\"Fabrica\u00e7\u00e3o de Porta Corta Fogo Industrial P240 Sob Medidaem Santa Rosa de Viterbo S\u00e3o Paulo - Solicite Or\u00e7amento!\" \/>\n<meta property=\"og:url\" content=\"https:\/\/solobrasid.com\/porta-corta-fogo-p240\/santa-rosa-de-viterbo-sao-paulo\/\" \/>\n<meta property=\"og:site_name\" content=\"PORTA CORTA FOGO IND\u00daSTRIAL P240 - SOLOBRASID\" \/>\n<meta property=\"article:published_time\" content=\"2025-09-09T17:16:05+00:00\" \/>\n<meta property=\"article:modified_time\" content=\"2025-09-09T18:21:53+00:00\" \/>\n<meta property=\"og:image\" content=\"https:\/\/solobrasid.com\/porta-corta-fogo-p240\/wp-content\/uploads\/sites\/8\/2025\/09\/porta-corta-fogo-industrial-p240-sob-medida-2.webp\" \/>\n\t<meta property=\"og:image:width\" content=\"1200\" \/>\n\t<meta property=\"og:image:height\" content=\"765\" \/>\n\t<meta property=\"og:image:type\" content=\"image\/webp\" \/>\n<meta name=\"author\" content=\"solobrasil2\" \/>\n<meta name=\"twitter:card\" content=\"summary_large_image\" \/>\n<meta name=\"twitter:label1\" content=\"Escrito por\" \/>\n\t<meta name=\"twitter:data1\" content=\"solobrasil2\" \/>\n\t<meta name=\"twitter:label2\" content=\"Est. tempo de leitura\" \/>\n\t<meta name=\"twitter:data2\" content=\"10 minutos\" \/>\n<script type=\"application\/ld+json\" class=\"yoast-schema-graph\">{\"@context\":\"https:\\\/\\\/schema.org\",\"@graph\":[{\"@type\":\"Article\",\"@id\":\"https:\\\/\\\/solobrasid.com\\\/porta-corta-fogo-p240\\\/santa-rosa-de-viterbo-sao-paulo\\\/#article\",\"isPartOf\":{\"@id\":\"https:\\\/\\\/solobrasid.com\\\/porta-corta-fogo-p240\\\/santa-rosa-de-viterbo-sao-paulo\\\/\"},\"author\":{\"name\":\"solobrasil2\",\"@id\":\"https:\\\/\\\/solobrasid.com\\\/porta-corta-fogo-p240\\\/#\\\/schema\\\/person\\\/21d4e99588acb49754e89f2bcd9560ff\"},\"headline\":\"Porta Corta Fogo Industrial em Santa Rosa de Viterbo S\u00e3o Paulo\",\"datePublished\":\"2025-09-09T17:16:05+00:00\",\"dateModified\":\"2025-09-09T18:21:53+00:00\",\"mainEntityOfPage\":{\"@id\":\"https:\\\/\\\/solobrasid.com\\\/porta-corta-fogo-p240\\\/santa-rosa-de-viterbo-sao-paulo\\\/\"},\"wordCount\":2008,\"image\":{\"@id\":\"https:\\\/\\\/solobrasid.com\\\/porta-corta-fogo-p240\\\/santa-rosa-de-viterbo-sao-paulo\\\/#primaryimage\"},\"thumbnailUrl\":\"https:\\\/\\\/solobrasid.com\\\/porta-corta-fogo-p240\\\/wp-content\\\/uploads\\\/sites\\\/8\\\/2025\\\/09\\\/porta-corta-fogo-industrial-p240-sob-medida-2.webp\",\"articleSection\":[\"S\u00e3o Paulo\"],\"inLanguage\":\"pt-BR\"},{\"@type\":\"WebPage\",\"@id\":\"https:\\\/\\\/solobrasid.com\\\/porta-corta-fogo-p240\\\/santa-rosa-de-viterbo-sao-paulo\\\/\",\"url\":\"https:\\\/\\\/solobrasid.com\\\/porta-corta-fogo-p240\\\/santa-rosa-de-viterbo-sao-paulo\\\/\",\"name\":\"Porta Corta Fogo Industrial em Santa Rosa de Viterbo S\u00e3o Paulo\",\"isPartOf\":{\"@id\":\"https:\\\/\\\/solobrasid.com\\\/porta-corta-fogo-p240\\\/#website\"},\"primaryImageOfPage\":{\"@id\":\"https:\\\/\\\/solobrasid.com\\\/porta-corta-fogo-p240\\\/santa-rosa-de-viterbo-sao-paulo\\\/#primaryimage\"},\"image\":{\"@id\":\"https:\\\/\\\/solobrasid.com\\\/porta-corta-fogo-p240\\\/santa-rosa-de-viterbo-sao-paulo\\\/#primaryimage\"},\"thumbnailUrl\":\"https:\\\/\\\/solobrasid.com\\\/porta-corta-fogo-p240\\\/wp-content\\\/uploads\\\/sites\\\/8\\\/2025\\\/09\\\/porta-corta-fogo-industrial-p240-sob-medida-2.webp\",\"datePublished\":\"2025-09-09T17:16:05+00:00\",\"dateModified\":\"2025-09-09T18:21:53+00:00\",\"author\":{\"@id\":\"https:\\\/\\\/solobrasid.com\\\/porta-corta-fogo-p240\\\/#\\\/schema\\\/person\\\/21d4e99588acb49754e89f2bcd9560ff\"},\"description\":\"Fabrica\u00e7\u00e3o de Porta Corta Fogo Industrial P240 Sob Medidaem Santa Rosa de Viterbo S\u00e3o Paulo - Solicite Or\u00e7amento!\",\"breadcrumb\":{\"@id\":\"https:\\\/\\\/solobrasid.com\\\/porta-corta-fogo-p240\\\/santa-rosa-de-viterbo-sao-paulo\\\/#breadcrumb\"},\"inLanguage\":\"pt-BR\",\"potentialAction\":[{\"@type\":\"ReadAction\",\"target\":[\"https:\\\/\\\/solobrasid.com\\\/porta-corta-fogo-p240\\\/santa-rosa-de-viterbo-sao-paulo\\\/\"]}]},{\"@type\":\"ImageObject\",\"inLanguage\":\"pt-BR\",\"@id\":\"https:\\\/\\\/solobrasid.com\\\/porta-corta-fogo-p240\\\/santa-rosa-de-viterbo-sao-paulo\\\/#primaryimage\",\"url\":\"https:\\\/\\\/solobrasid.com\\\/porta-corta-fogo-p240\\\/wp-content\\\/uploads\\\/sites\\\/8\\\/2025\\\/09\\\/porta-corta-fogo-industrial-p240-sob-medida-2.webp\",\"contentUrl\":\"https:\\\/\\\/solobrasid.com\\\/porta-corta-fogo-p240\\\/wp-content\\\/uploads\\\/sites\\\/8\\\/2025\\\/09\\\/porta-corta-fogo-industrial-p240-sob-medida-2.webp\",\"width\":1200,\"height\":765},{\"@type\":\"BreadcrumbList\",\"@id\":\"https:\\\/\\\/solobrasid.com\\\/porta-corta-fogo-p240\\\/santa-rosa-de-viterbo-sao-paulo\\\/#breadcrumb\",\"itemListElement\":[{\"@type\":\"ListItem\",\"position\":1,\"name\":\"In\u00edcio\",\"item\":\"https:\\\/\\\/solobrasid.com\\\/porta-corta-fogo-p240\\\/\"},{\"@type\":\"ListItem\",\"position\":2,\"name\":\"Porta Corta Fogo Industrial em Santa Rosa de Viterbo S\u00e3o Paulo\"}]},{\"@type\":\"WebSite\",\"@id\":\"https:\\\/\\\/solobrasid.com\\\/porta-corta-fogo-p240\\\/#website\",\"url\":\"https:\\\/\\\/solobrasid.com\\\/porta-corta-fogo-p240\\\/\",\"name\":\"PORTA CORTA FOGO IND\u00daSTRIAL P240 - SOLOBRASID\",\"description\":\"FABRICA\u00c7\u00c3O DE PORTA CORTA FOGO IND\u00daSTRIAL P240 SOB MEDIDA\",\"potentialAction\":[{\"@type\":\"SearchAction\",\"target\":{\"@type\":\"EntryPoint\",\"urlTemplate\":\"https:\\\/\\\/solobrasid.com\\\/porta-corta-fogo-p240\\\/?s={search_term_string}\"},\"query-input\":{\"@type\":\"PropertyValueSpecification\",\"valueRequired\":true,\"valueName\":\"search_term_string\"}}],\"inLanguage\":\"pt-BR\"},{\"@type\":\"Person\",\"@id\":\"https:\\\/\\\/solobrasid.com\\\/porta-corta-fogo-p240\\\/#\\\/schema\\\/person\\\/21d4e99588acb49754e89f2bcd9560ff\",\"name\":\"solobrasil2\",\"image\":{\"@type\":\"ImageObject\",\"inLanguage\":\"pt-BR\",\"@id\":\"https:\\\/\\\/secure.gravatar.com\\\/avatar\\\/bd8737297dedc53a4b9fb9fec8d3bba36ef88345e3494ce79ce9441c5442504b?s=96&d=mm&r=g\",\"url\":\"https:\\\/\\\/secure.gravatar.com\\\/avatar\\\/bd8737297dedc53a4b9fb9fec8d3bba36ef88345e3494ce79ce9441c5442504b?s=96&d=mm&r=g\",\"contentUrl\":\"https:\\\/\\\/secure.gravatar.com\\\/avatar\\\/bd8737297dedc53a4b9fb9fec8d3bba36ef88345e3494ce79ce9441c5442504b?s=96&d=mm&r=g\",\"caption\":\"solobrasil2\"},\"sameAs\":[\"https:\\\/\\\/solobrasid.com\"],\"url\":\"https:\\\/\\\/solobrasid.com\\\/porta-corta-fogo-p240\\\/author\\\/solobrasil2\\\/\"}]}<\/script>\n<!-- \/ Yoast SEO plugin. -->","yoast_head_json":{"title":"Porta Corta Fogo Industrial em Santa Rosa de Viterbo S\u00e3o Paulo","description":"Fabrica\u00e7\u00e3o de Porta Corta Fogo Industrial P240 Sob Medidaem Santa Rosa de Viterbo S\u00e3o Paulo - Solicite Or\u00e7amento!","robots":{"index":"index","follow":"follow","max-snippet":"max-snippet:-1","max-image-preview":"max-image-preview:large","max-video-preview":"max-video-preview:-1"},"canonical":"https:\/\/solobrasid.com\/porta-corta-fogo-p240\/santa-rosa-de-viterbo-sao-paulo\/","og_locale":"pt_BR","og_type":"article","og_title":"Porta Corta Fogo Industrial em Santa Rosa de Viterbo S\u00e3o Paulo","og_description":"Fabrica\u00e7\u00e3o de Porta Corta Fogo Industrial P240 Sob Medidaem Santa Rosa de Viterbo S\u00e3o Paulo - Solicite Or\u00e7amento!","og_url":"https:\/\/solobrasid.com\/porta-corta-fogo-p240\/santa-rosa-de-viterbo-sao-paulo\/","og_site_name":"PORTA CORTA FOGO IND\u00daSTRIAL P240 - SOLOBRASID","article_published_time":"2025-09-09T17:16:05+00:00","article_modified_time":"2025-09-09T18:21:53+00:00","og_image":[{"width":1200,"height":765,"url":"https:\/\/solobrasid.com\/porta-corta-fogo-p240\/wp-content\/uploads\/sites\/8\/2025\/09\/porta-corta-fogo-industrial-p240-sob-medida-2.webp","type":"image\/webp"}],"author":"solobrasil2","twitter_card":"summary_large_image","twitter_misc":{"Escrito por":"solobrasil2","Est. tempo de leitura":"10 minutos"},"schema":{"@context":"https:\/\/schema.org","@graph":[{"@type":"Article","@id":"https:\/\/solobrasid.com\/porta-corta-fogo-p240\/santa-rosa-de-viterbo-sao-paulo\/#article","isPartOf":{"@id":"https:\/\/solobrasid.com\/porta-corta-fogo-p240\/santa-rosa-de-viterbo-sao-paulo\/"},"author":{"name":"solobrasil2","@id":"https:\/\/solobrasid.com\/porta-corta-fogo-p240\/#\/schema\/person\/21d4e99588acb49754e89f2bcd9560ff"},"headline":"Porta Corta Fogo Industrial em Santa Rosa de Viterbo S\u00e3o Paulo","datePublished":"2025-09-09T17:16:05+00:00","dateModified":"2025-09-09T18:21:53+00:00","mainEntityOfPage":{"@id":"https:\/\/solobrasid.com\/porta-corta-fogo-p240\/santa-rosa-de-viterbo-sao-paulo\/"},"wordCount":2008,"image":{"@id":"https:\/\/solobrasid.com\/porta-corta-fogo-p240\/santa-rosa-de-viterbo-sao-paulo\/#primaryimage"},"thumbnailUrl":"https:\/\/solobrasid.com\/porta-corta-fogo-p240\/wp-content\/uploads\/sites\/8\/2025\/09\/porta-corta-fogo-industrial-p240-sob-medida-2.webp","articleSection":["S\u00e3o Paulo"],"inLanguage":"pt-BR"},{"@type":"WebPage","@id":"https:\/\/solobrasid.com\/porta-corta-fogo-p240\/santa-rosa-de-viterbo-sao-paulo\/","url":"https:\/\/solobrasid.com\/porta-corta-fogo-p240\/santa-rosa-de-viterbo-sao-paulo\/","name":"Porta Corta Fogo Industrial em Santa Rosa de Viterbo S\u00e3o Paulo","isPartOf":{"@id":"https:\/\/solobrasid.com\/porta-corta-fogo-p240\/#website"},"primaryImageOfPage":{"@id":"https:\/\/solobrasid.com\/porta-corta-fogo-p240\/santa-rosa-de-viterbo-sao-paulo\/#primaryimage"},"image":{"@id":"https:\/\/solobrasid.com\/porta-corta-fogo-p240\/santa-rosa-de-viterbo-sao-paulo\/#primaryimage"},"thumbnailUrl":"https:\/\/solobrasid.com\/porta-corta-fogo-p240\/wp-content\/uploads\/sites\/8\/2025\/09\/porta-corta-fogo-industrial-p240-sob-medida-2.webp","datePublished":"2025-09-09T17:16:05+00:00","dateModified":"2025-09-09T18:21:53+00:00","author":{"@id":"https:\/\/solobrasid.com\/porta-corta-fogo-p240\/#\/schema\/person\/21d4e99588acb49754e89f2bcd9560ff"},"description":"Fabrica\u00e7\u00e3o de Porta Corta Fogo Industrial P240 Sob Medidaem Santa Rosa de Viterbo S\u00e3o Paulo - Solicite Or\u00e7amento!","breadcrumb":{"@id":"https:\/\/solobrasid.com\/porta-corta-fogo-p240\/santa-rosa-de-viterbo-sao-paulo\/#breadcrumb"},"inLanguage":"pt-BR","potentialAction":[{"@type":"ReadAction","target":["https:\/\/solobrasid.com\/porta-corta-fogo-p240\/santa-rosa-de-viterbo-sao-paulo\/"]}]},{"@type":"ImageObject","inLanguage":"pt-BR","@id":"https:\/\/solobrasid.com\/porta-corta-fogo-p240\/santa-rosa-de-viterbo-sao-paulo\/#primaryimage","url":"https:\/\/solobrasid.com\/porta-corta-fogo-p240\/wp-content\/uploads\/sites\/8\/2025\/09\/porta-corta-fogo-industrial-p240-sob-medida-2.webp","contentUrl":"https:\/\/solobrasid.com\/porta-corta-fogo-p240\/wp-content\/uploads\/sites\/8\/2025\/09\/porta-corta-fogo-industrial-p240-sob-medida-2.webp","width":1200,"height":765},{"@type":"BreadcrumbList","@id":"https:\/\/solobrasid.com\/porta-corta-fogo-p240\/santa-rosa-de-viterbo-sao-paulo\/#breadcrumb","itemListElement":[{"@type":"ListItem","position":1,"name":"In\u00edcio","item":"https:\/\/solobrasid.com\/porta-corta-fogo-p240\/"},{"@type":"ListItem","position":2,"name":"Porta Corta Fogo Industrial em Santa Rosa de Viterbo S\u00e3o Paulo"}]},{"@type":"WebSite","@id":"https:\/\/solobrasid.com\/porta-corta-fogo-p240\/#website","url":"https:\/\/solobrasid.com\/porta-corta-fogo-p240\/","name":"PORTA CORTA FOGO IND\u00daSTRIAL P240 - SOLOBRASID","description":"FABRICA\u00c7\u00c3O DE PORTA CORTA FOGO IND\u00daSTRIAL P240 SOB MEDIDA","potentialAction":[{"@type":"SearchAction","target":{"@type":"EntryPoint","urlTemplate":"https:\/\/solobrasid.com\/porta-corta-fogo-p240\/?s={search_term_string}"},"query-input":{"@type":"PropertyValueSpecification","valueRequired":true,"valueName":"search_term_string"}}],"inLanguage":"pt-BR"},{"@type":"Person","@id":"https:\/\/solobrasid.com\/porta-corta-fogo-p240\/#\/schema\/person\/21d4e99588acb49754e89f2bcd9560ff","name":"solobrasil2","image":{"@type":"ImageObject","inLanguage":"pt-BR","@id":"https:\/\/secure.gravatar.com\/avatar\/bd8737297dedc53a4b9fb9fec8d3bba36ef88345e3494ce79ce9441c5442504b?s=96&d=mm&r=g","url":"https:\/\/secure.gravatar.com\/avatar\/bd8737297dedc53a4b9fb9fec8d3bba36ef88345e3494ce79ce9441c5442504b?s=96&d=mm&r=g","contentUrl":"https:\/\/secure.gravatar.com\/avatar\/bd8737297dedc53a4b9fb9fec8d3bba36ef88345e3494ce79ce9441c5442504b?s=96&d=mm&r=g","caption":"solobrasil2"},"sameAs":["https:\/\/solobrasid.com"],"url":"https:\/\/solobrasid.com\/porta-corta-fogo-p240\/author\/solobrasil2\/"}]}},"_links":{"self":[{"href":"https:\/\/solobrasid.com\/porta-corta-fogo-p240\/wp-json\/wp\/v2\/posts\/5903","targetHints":{"allow":["GET"]}}],"collection":[{"href":"https:\/\/solobrasid.com\/porta-corta-fogo-p240\/wp-json\/wp\/v2\/posts"}],"about":[{"href":"https:\/\/solobrasid.com\/porta-corta-fogo-p240\/wp-json\/wp\/v2\/types\/post"}],"author":[{"embeddable":true,"href":"https:\/\/solobrasid.com\/porta-corta-fogo-p240\/wp-json\/wp\/v2\/users\/1"}],"replies":[{"embeddable":true,"href":"https:\/\/solobrasid.com\/porta-corta-fogo-p240\/wp-json\/wp\/v2\/comments?post=5903"}],"version-history":[{"count":4,"href":"https:\/\/solobrasid.com\/porta-corta-fogo-p240\/wp-json\/wp\/v2\/posts\/5903\/revisions"}],"predecessor-version":[{"id":14177,"href":"https:\/\/solobrasid.com\/porta-corta-fogo-p240\/wp-json\/wp\/v2\/posts\/5903\/revisions\/14177"}],"wp:featuredmedia":[{"embeddable":true,"href":"https:\/\/solobrasid.com\/porta-corta-fogo-p240\/wp-json\/wp\/v2\/media\/13"}],"wp:attachment":[{"href":"https:\/\/solobrasid.com\/porta-corta-fogo-p240\/wp-json\/wp\/v2\/media?parent=5903"}],"wp:term":[{"taxonomy":"category","embeddable":true,"href":"https:\/\/solobrasid.com\/porta-corta-fogo-p240\/wp-json\/wp\/v2\/categories?post=5903"},{"taxonomy":"post_tag","embeddable":true,"href":"https:\/\/solobrasid.com\/porta-corta-fogo-p240\/wp-json\/wp\/v2\/tags?post=5903"}],"curies":[{"name":"wp","href":"https:\/\/api.w.org\/{rel}","templated":true}]}}